{"id":51,"date":"2020-09-26T20:58:04","date_gmt":"2020-09-26T18:58:04","guid":{"rendered":"http:\/\/bee-bavarian.de\/?p=51"},"modified":"2020-10-12T21:40:48","modified_gmt":"2020-10-12T19:40:48","slug":"taetigkeiten-im-herbst","status":"publish","type":"post","link":"https:\/\/bee-bavarian.de\/?p=51","title":{"rendered":"T\u00e4tigkeiten im Herbst"},"content":{"rendered":"\n<p>W\u00e4hrend die Tage deutlich k\u00fcrzer, k\u00e4lter und verregneter werden, gibt es noch ein paar Aufgaben f\u00fcr den Imker. Endlich kann das Material gereinigt und sortiert, Bestelllisten f\u00fcr den Wintereinkauf im Imkereibedarf erstellt und Honig ger\u00fchrt, abgef\u00fcllt und etikettiert werden.<\/p>\n\n\n\n<p>Nachdem ich erst seit Mai 2019 imkere, habe ich noch kein Wachs im Zuge der Wabenhygiene entnommen, woraus ich Kerzen gie\u00dfen k\u00f6nnte. Imker sollten &#8211; zumindest im Brutbereich der Bienenv\u00f6lker &#8211; die Waben alle drei Jahre entnehmen und ersetzen.<\/p>\n\n\n\n<p>Mit etwas Wehmut gehe ich aus dem Bienenjahr, hoffe zumindest das Meiste richtig gemacht zu haben und dass der Start in den Fr\u00fchling ohne Winterverluste mit m\u00f6glichst allen V\u00f6lkern erfolgen kann.<\/p>\n\n\n\n<p>In der Zwischenzeit bleiben viele sch\u00f6ne Erinnerungen und bester Honig zum verkosten.<\/p>\n","protected":false},"excerpt":{"rendered":"<p>W\u00e4hrend die Tage deutlich k\u00fcrzer, k\u00e4lter und verregneter werden, gibt es noch ein paar Aufgaben f\u00fcr den Imker. Endlich kann das Material gereinigt und sortiert, Bestelllisten f\u00fcr den Wintereinkauf im Imkereibedarf erstellt und Honig ger\u00fchrt, abgef\u00fcllt und etikettiert werden. Nachdem ich erst seit Mai 2019 imkere, habe ich noch kein Wachs im Zuge der Wabenhygiene [&hellip;]<\/p>\n","protected":false},"author":1,"featured_media":52,"comment_status":"open","ping_status":"open","sticky":false,"template":"","format":"standard","meta":[],"categories":[5],"tags":[15,16,11,17,13],"_links":{"self":[{"href":"https:\/\/bee-bavarian.de\/index.php?rest_route=\/wp\/v2\/posts\/51"}],"collection":[{"href":"https:\/\/bee-bavarian.de\/index.php?rest_route=\/wp\/v2\/posts"}],"about":[{"href":"https:\/\/bee-bavarian.de\/index.php?rest_route=\/wp\/v2\/types\/post"}],"author":[{"embeddable":true,"href":"https:\/\/bee-bavarian.de\/index.php?rest_route=\/wp\/v2\/users\/1"}],"replies":[{"embeddable":true,"href":"https:\/\/bee-bavarian.de\/index.php?rest_route=%2Fwp%2Fv2%2Fcomments&post=51"}],"version-history":[{"count":2,"href":"https:\/\/bee-bavarian.de\/index.php?rest_route=\/wp\/v2\/posts\/51\/revisions"}],"predecessor-version":[{"id":55,"href":"https:\/\/bee-bavarian.de\/index.php?rest_route=\/wp\/v2\/posts\/51\/revisions\/55"}],"wp:featuredmedia":[{"embeddable":true,"href":"https:\/\/bee-bavarian.de\/index.php?rest_route=\/wp\/v2\/media\/52"}],"wp:attachment":[{"href":"https:\/\/bee-bavarian.de\/index.php?rest_route=%2Fwp%2Fv2%2Fmedia&parent=51"}],"wp:term":[{"taxonomy":"category","embeddable":true,"href":"https:\/\/bee-bavarian.de\/index.php?rest_route=%2Fwp%2Fv2%2Fcategories&post=51"},{"taxonomy":"post_tag","embeddable":true,"href":"https:\/\/bee-bavarian.de\/index.php?rest_route=%2Fwp%2Fv2%2Ftags&post=51"}],"curies":[{"name":"wp","href":"https:\/\/api.w.org\/{rel}","templated":true}]}}