{"id":140,"date":"2021-08-01T00:39:43","date_gmt":"2021-07-31T22:39:43","guid":{"rendered":"https:\/\/bee-bavarian.de\/?p=140"},"modified":"2022-03-01T08:55:48","modified_gmt":"2022-03-01T07:55:48","slug":"das-bienenjahr-geht-zu-ende","status":"publish","type":"post","link":"https:\/\/bee-bavarian.de\/?p=140","title":{"rendered":"Das Bienenjahr geht zu Ende"},"content":{"rendered":"\n<p>Ein turbulentes Bienenjahr ging am 23.7.21 mit der Honigernte zu Ende.<\/p>\n\n\n\n<p>Warum endet damit das Bienenjahr? In unserer Region bl\u00fchen ab Ende Juli \/ Anfang August keine wirklich bienenrelevanten nektarliefernden Pflanzen mehr. Eine der letzten ist die Winterlinde. Danach beginnen f\u00fcr den Imker und die Bienen schon die Wintervorbereitungen. D.h., die Bienen werden gegen den Bienenfeind Nr. 1 behandelt, die Varroamilbe, behandelt. Zudem wird das Gewicht jeder einzelnen Beute (= Bienenkiste) \u00fcberpr\u00fcft und bei Bedarf aufgef\u00fcttert. Der Futtervorrat muss bis zum n\u00e4chsten Fr\u00fchjahr reichen und wird vor allem in den ersten Monaten des Folgejahres ben\u00f6tigt. In dieser Zeit wachsen die V\u00f6lker sehr stark, m\u00fcssen also sehr viel Brut pflegen und versorgen. Zudem sind die N\u00e4chte oft noch sehr kalt und die Brut ben\u00f6tigt eine Temperatur von ca. 35 \u00b0C. Wenn Nachts &#8211; 10 \u00b0C  herrschen, m\u00fcssen die Bienen also einen Temperaturunterschied von 45 \u00b0C &#8222;erheizen&#8220;. Dabei ist unwahrscheinlich viel Energie n\u00f6tig und kann bei starken V\u00f6lkern einen Energiebedarf von ungef\u00e4hr einem gro\u00dfen Glas Honig pro Tag bedeuten. Wenn der Futtervorrat aufgebraucht ist, verhungert oder erfriert die Brut und somit das Volk.<\/p>\n\n\n\n<p>Dieses Fr\u00fchjahr ist mir das leider einmal passiert, dar\u00fcber habe ich bereits im vorangegangen Beitrag berichtet.<\/p>\n\n\n\n<p>Was geschah noch in den letzten Monaten? Der Fr\u00fchling lie\u00df lange auf sich warten, nach ein paar warmen Tagen kamen regelm\u00e4\u00dfig nasse und kalte. Die erhoffte erste Honigernte Ende Mai fiel deswegen leider aus, weil so gut wie kein Honigeintrag erfolgte. Erst ab Juni wurde das Wetter stabiler und die Bienen fanden Futter. Somit gab es &#8211; zumindest bei mir und meinen Bienen &#8211; nur eine Honigernte.<\/p>\n\n\n\n<!--more-->\n\n\n\n<p>Ansonsten bin ich zwar mit sieben V\u00f6lkern in das Fr\u00fchjahr gestartet, durch den Verlust von zwei K\u00f6niginnen, das verhungerte Volk und einen abgegangenen Schwarm konnte ich lediglich mit drei Wirtschaftsv\u00f6lkern (= V\u00f6lker, von welchen Honig geenrtet wird bzw. werden soll), arbeiten. <\/p>\n\n\n\n<p>Im Jahresverlauf habe ich mich dann intensiv mit der V\u00f6lkervermehrung, also Bildung von Jungv\u00f6lkern besch\u00e4ftigt. Dabei ist nicht nur die Vergr\u00f6\u00dferung der Imkerei ausschlaggebend, sondern auch der Grund, V\u00f6lkerverluste auszugleichen. 2022 m\u00f6chte ich mit ungef\u00e4hr zehn Wirtschaftsv\u00f6lkern imkern. <\/p>\n\n\n\n<p>Aktuell habe ich 18 V\u00f6lker, die sich gr\u00f6\u00dftenteils noch entwickeln m\u00fcssen. Zudem habe ich noch sechs Zuchtk\u00f6niginnen und sechs Nachschaffungsk\u00f6niginnen in kleinen Begattungseinheiten, welche ebenfalls noch f\u00fcr den Winter vorbereitet bzw. verarbeitet (= in neue V\u00f6lker eingeweiselt) werden. Auf dem Beitragsbild kann man gut die unterschiedlichen Beuten sehen, eine &#8222;normale&#8220; Kiste, einen ungef\u00e4hr halb so gro\u00dfen Ablegerkasten und dann die kleinen &#8222;Prinzessinenappartments&#8220;. Darin kommen die nachgeschafften K\u00f6niginnen auf die Welt, wohnen dann ungef\u00e4hr eine Woche bis zur Geschlechtsreife darin, dann gehts zum Begattungsflug und danach zur\u00fcck in die Kiste. Ein paar Tage sp\u00e4ter beginnt die junge K\u00f6nigin mit der Eiablage und ist dann in der Lage, ein Volk zu f\u00fchren.<\/p>\n\n\n\n<p>Es bleibt also &#8211; wie immer &#8211; spannend.<\/p>\n\n\n\n<p><\/p>\n","protected":false},"excerpt":{"rendered":"<p>Ein turbulentes Bienenjahr ging am 23.7.21 mit der Honigernte zu Ende. Warum endet damit das Bienenjahr? In unserer Region bl\u00fchen ab Ende Juli \/ Anfang August keine wirklich bienenrelevanten nektarliefernden Pflanzen mehr. Eine der letzten ist die Winterlinde. Danach beginnen f\u00fcr den Imker und die Bienen schon die Wintervorbereitungen. D.h., die Bienen werden gegen den [&hellip;]<\/p>\n","protected":false},"author":1,"featured_media":135,"comment_status":"open","ping_status":"open","sticky":false,"template":"","format":"standard","meta":[],"categories":[1],"tags":[44,43,42],"_links":{"self":[{"href":"https:\/\/bee-bavarian.de\/index.php?rest_route=\/wp\/v2\/posts\/140"}],"collection":[{"href":"https:\/\/bee-bavarian.de\/index.php?rest_route=\/wp\/v2\/posts"}],"about":[{"href":"https:\/\/bee-bavarian.de\/index.php?rest_route=\/wp\/v2\/types\/post"}],"author":[{"embeddable":true,"href":"https:\/\/bee-bavarian.de\/index.php?rest_route=\/wp\/v2\/users\/1"}],"replies":[{"embeddable":true,"href":"https:\/\/bee-bavarian.de\/index.php?rest_route=%2Fwp%2Fv2%2Fcomments&post=140"}],"version-history":[{"count":5,"href":"https:\/\/bee-bavarian.de\/index.php?rest_route=\/wp\/v2\/posts\/140\/revisions"}],"predecessor-version":[{"id":168,"href":"https:\/\/bee-bavarian.de\/index.php?rest_route=\/wp\/v2\/posts\/140\/revisions\/168"}],"wp:featuredmedia":[{"embeddable":true,"href":"https:\/\/bee-bavarian.de\/index.php?rest_route=\/wp\/v2\/media\/135"}],"wp:attachment":[{"href":"https:\/\/bee-bavarian.de\/index.php?rest_route=%2Fwp%2Fv2%2Fmedia&parent=140"}],"wp:term":[{"taxonomy":"category","embeddable":true,"href":"https:\/\/bee-bavarian.de\/index.php?rest_route=%2Fwp%2Fv2%2Fcategories&post=140"},{"taxonomy":"post_tag","embeddable":true,"href":"https:\/\/bee-bavarian.de\/index.php?rest_route=%2Fwp%2Fv2%2Ftags&post=140"}],"curies":[{"name":"wp","href":"https:\/\/api.w.org\/{rel}","templated":true}]}}